{"id":1,"date":"2024-10-08T08:53:00","date_gmt":"2024-10-08T08:53:00","guid":{"rendered":"https:\/\/caritas.hospital\/?p=1"},"modified":"2024-10-16T07:02:47","modified_gmt":"2024-10-16T07:02:47","slug":"hello-world","status":"publish","type":"post","link":"https:\/\/caritas.hospital\/index.php\/2024\/10\/08\/hello-world\/","title":{"rendered":"Informatii pacienti"},"content":{"rendered":"\r\n<section id=\"sp-main-body\">\r\n<div class=\"container\">\r\n<div class=\"row\">\r\n<div id=\"sp-component\" class=\"col-lg-9 \">\r\n<div class=\"sp-column \">\r\n<div class=\"blog-featured\">\r\n<div class=\"items-leading clearfix\">\r\n<article class=\"item leading-0 clearfix\">\r\n<p style=\"text-align: center;\"><strong>PROGRAM\u00a0AUDIENTE MANAGER<\/strong><\/p>\r\n<ul style=\"text-align: center;\">\r\n<li><b>MARTI si JOI INTRE ORELE 10<sup>.00<\/sup>\u00a0\u2013 12<sup>.00<\/sup><\/b><\/li>\r\n<\/ul>\r\n<p style=\"text-align: center;\">\u00a0<\/p>\r\n<p style=\"text-align: center;\"><strong>PROGRAM VIZITA PACIENTI<\/strong><\/p>\r\n<p style=\"text-align: center;\"><strong>Conform ordinului MS nr. 3670\/2022<\/strong><\/p>\r\n<ul style=\"text-align: center;\">\r\n<li><b>ZILNIC INTRE ORELE 15<sup>.00<\/sup>\u00a0\u2013 17<sup>.00<\/sup><\/b><\/li>\r\n<\/ul>\r\n<p style=\"text-align: center;\"><strong>\u00a0 \u00a0 \u00a0 \u00a0 \u00a0 \u00a0 \u00a0 \u00a0 \u00a0 \u00a0 \u00a0 \u00a0 \u00a0 \u00a0 \u00a0 \u00a0 \u00a0 \u00a0 \u00a0 \u00a0 \u00a0 \u00a0 \u00a0 \u00a0 \u00a0 \u00a0 \u00a0 \u00a0 \u00a0 \u00a0 \u00a0 \u00a0 \u00a0 \u00a0 \u00a0 \u00a0 \u00a0 \u00a0 \u00a0 \u00a0 \u00a0 \u00a0 \u00a0 \u00a0 \u00a0 \u00a0\u00a0<\/strong><\/p>\r\n<p><strong>\u00a0\u00a0\u00a0\u00a0\u00a0\u00a0\u00a0\u00a0\u00a0\u00a0\u00a0\u00a0\u00a0\u00a0\u00a0\u00a0\u00a0\u00a0\u00a0\u00a0\u00a0\u00a0\u00a0\u00a0\u00a0\u00a0\u00a0\u00a0\u00a0\u00a0 \u00a0<\/strong><strong>Accesul vizitatorilor \u00een salon este permis dup\u0103 cum urmeaz\u0103:<\/strong><\/p>\r\n<p><strong>\u2013<\/strong><strong>\u00a0<\/strong><strong>1 vizitator\/pacient \u00een saloanele cu un num\u0103r de cel mult 3 paturi, pacien\u021bii put\u00e2nd fi vizita\u021bi doar pe r\u00e2nd;<\/strong><\/p>\r\n<p><strong>\u2013<\/strong><strong>\u00a0<\/strong><strong>1 vizitator\/pacient \u00een saloanele cu un num\u0103r de 4-6 paturi, put\u00e2nd fi vizita\u021bi maximum doi pacien\u021bi \u00een acela\u0219i timp;<\/strong><\/p>\r\n<p><strong>\u2013<\/strong><strong>\u00a0<\/strong><strong>1 vizitator\/pacient \u00een saloanele cu un num\u0103r mai mare de 6 paturi, put\u00e2nd fi vizita\u021bi maximum trei pacien\u021bi \u00een acela\u0219i timp.<\/strong><\/p>\r\n<p><strong>\u00a0<\/strong><strong>\u00a0<\/strong><strong>Durata vizitei\u00a0<\/strong><strong>este limitat\u0103 la 30 de minute, cu excep\u021bia sec\u021biilor\/compartimentelor ATI.<\/strong><\/p>\r\n<p><strong>\u00a0<\/strong><strong>\u00a0<\/strong><strong>\u00cen cazul unor evenimente epidemiologice deosebite, pe baza analizei efectuate de c\u0103tre direc\u021bia de s\u0103n\u0103tate public\u0103, \u00een sec\u021biile\/compartimentele f\u0103r\u0103 risc durata vizitei poate fi limitat\u0103 la 15 minute, iar \u00een sec\u021biile\/compartimentele \u00een care se afl\u0103 internate persoane aflate la risc pentru dezvoltarea unor forme severe de boal\u0103 programul de vizit\u0103 poate fi suspendat.<\/strong><\/p>\r\n<p><strong>\u00a0<\/strong><strong>Programul de vizit\u0103 la nivelul unit\u0103\u021bii sanitare poate fi suspendat de manager \u00een situa\u021biile de risc epidemiologic, prev\u0103zute la\u00a0<\/strong><strong><a href=\"https:\/\/legislatie.just.ro\/Public\/DetaliiDocumentAfis\/260175\">art. 6 din Legea nr. 136\/2020<\/a><\/strong><strong>\u00a0privind instituirea unor m\u0103suri \u00een domeniul s\u0103n\u0103t\u0103\u021bii publice \u00een situa\u021bii de risc epidemiologic \u0219i biologic, republicat\u0103, cu modific\u0103rile \u0219i complet\u0103rile ulterioare.<\/strong><\/p>\r\n<p><strong>\u00a0<\/strong><strong>\u00a0<\/strong><strong>Nu este permis accesul vizitatorilor:<\/strong><\/p>\r\n<p><strong>\u2013\u00a0<\/strong><strong>care prezint\u0103 semne clinice de infec\u021bii acute;<\/strong><\/p>\r\n<p><strong>\u00a0\u2013<\/strong><strong>afla\u021bi \u00een stare de ebrietate sau afla\u021bi sub influen\u021ba unor substan\u021be halucinogene.<\/strong><\/p>\r\n<p><strong>Vizitatorii au urm\u0103toarele obliga\u021bii:<\/strong><\/p>\r\n<p><strong>\u2013<\/strong><strong>\u00a0<\/strong><strong>s\u0103 poarte echipament de protec\u021bie adaptat \u00een func\u021bie de gradul de risc al sec\u021biei. Echipamentul de protec\u021bie va fi asigurat \u00een mod gratuit de c\u0103tre unitatea sanitar\u0103;<\/strong><strong>\u00a0<\/strong><strong>s\u0103 respecte instruc\u021biunile personalului unit\u0103\u021bii sanitare privind m\u0103surile interne de prevenire a transmiterii infec\u021biilor.<\/strong><\/p>\r\n<\/article>\r\n<\/div>\r\n<\/div>\r\n<\/div>\r\n<\/div>\r\n<\/div>\r\n<\/div>\r\n<\/section>\r\n<section id=\"sp-bottom-banner\">\r\n<div class=\"container\">\r\n<div class=\"row\">\r\n<div id=\"sp-user1\" class=\"col-lg-12 \">\r\n<div class=\"sp-column \">\r\n<div class=\"sp-module \">\r\n<div class=\"sp-module-content\">\r\n<div class=\"custom\">\r\n<p>\u00a0<\/p>\r\n<\/div>\r\n<\/div>\r\n<\/div>\r\n<\/div>\r\n<\/div>\r\n<\/div>\r\n<\/div>\r\n<\/section>\r\n","protected":false},"excerpt":{"rendered":"<p>PROGRAM\u00a0AUDIENTE MANAGER MARTI si JOI INTRE ORELE 10.00\u00a0\u2013 12.00 \u00a0 PROGRAM VIZITA PACIENTI Conform ordinului MS nr. 3670\/2022 ZILNIC INTRE ORELE 15.00\u00a0\u2013 17.00 \u00a0 \u00a0 \u00a0 \u00a0 \u00a0 \u00a0 \u00a0 \u00a0 \u00a0 \u00a0 \u00a0 \u00a0 \u00a0 \u00a0 \u00a0 \u00a0 \u00a0 \u00a0 \u00a0 \u00a0 \u00a0 \u00a0 \u00a0 \u00a0 \u00a0 \u00a0 \u00a0 \u00a0 \u00a0 \u00a0 \u00a0 \u00a0 [&hellip;]<\/p>\n","protected":false},"author":1,"featured_media":0,"comment_status":"open","ping_status":"closed","sticky":false,"template":"","format":"standard","meta":{"_jetpack_memberships_contains_paid_content":false,"footnotes":""},"categories":[9],"tags":[],"class_list":["post-1","post","type-post","status-publish","format-standard","hentry","category-informatii-pacienti"],"jetpack_featured_media_url":"","jetpack_sharing_enabled":true,"_links":{"self":[{"href":"https:\/\/caritas.hospital\/index.php\/wp-json\/wp\/v2\/posts\/1","targetHints":{"allow":["GET"]}}],"collection":[{"href":"https:\/\/caritas.hospital\/index.php\/wp-json\/wp\/v2\/posts"}],"about":[{"href":"https:\/\/caritas.hospital\/index.php\/wp-json\/wp\/v2\/types\/post"}],"author":[{"embeddable":true,"href":"https:\/\/caritas.hospital\/index.php\/wp-json\/wp\/v2\/users\/1"}],"replies":[{"embeddable":true,"href":"https:\/\/caritas.hospital\/index.php\/wp-json\/wp\/v2\/comments?post=1"}],"version-history":[{"count":1,"href":"https:\/\/caritas.hospital\/index.php\/wp-json\/wp\/v2\/posts\/1\/revisions"}],"predecessor-version":[{"id":26,"href":"https:\/\/caritas.hospital\/index.php\/wp-json\/wp\/v2\/posts\/1\/revisions\/26"}],"wp:attachment":[{"href":"https:\/\/caritas.hospital\/index.php\/wp-json\/wp\/v2\/media?parent=1"}],"wp:term":[{"taxonomy":"category","embeddable":true,"href":"https:\/\/caritas.hospital\/index.php\/wp-json\/wp\/v2\/categories?post=1"},{"taxonomy":"post_tag","embeddable":true,"href":"https:\/\/caritas.hospital\/index.php\/wp-json\/wp\/v2\/tags?post=1"}],"curies":[{"name":"wp","href":"https:\/\/api.w.org\/{rel}","templated":true}]}}