{"id":3381,"date":"2025-07-29T06:26:06","date_gmt":"2025-07-29T06:26:06","guid":{"rendered":"https:\/\/caritas.hospital\/?p=3381"},"modified":"2025-07-29T06:26:45","modified_gmt":"2025-07-29T06:26:45","slug":"comunicat-de-presa-digitalizarea-activitatii-spitalului-municipal-caritas","status":"publish","type":"post","link":"https:\/\/caritas.hospital\/index.php\/2025\/07\/29\/comunicat-de-presa-digitalizarea-activitatii-spitalului-municipal-caritas\/","title":{"rendered":"COMUNICAT DE PRES\u0102-\u201eDigitalizarea activit\u0103\u021bii Spitalului Municipal Caritas\u201d"},"content":{"rendered":"<p><img decoding=\"async\" class=\"size-medium wp-image-3378 aligncenter\" src=\"https:\/\/caritas.hospital\/wp-content\/uploads\/2025\/07\/antet_pnrr-300x35.png\" alt=\"\" width=\"300\" height=\"35\" srcset=\"https:\/\/caritas.hospital\/wp-content\/uploads\/2025\/07\/antet_pnrr-300x35.png 300w, https:\/\/caritas.hospital\/wp-content\/uploads\/2025\/07\/antet_pnrr-768x90.png 768w, https:\/\/caritas.hospital\/wp-content\/uploads\/2025\/07\/antet_pnrr.png 832w\" sizes=\"(max-width: 300px) 100vw, 300px\" \/><\/p>\n<p><strong>COMUNICAT DE PRES\u0102<\/strong><\/p>\n<p style=\"text-align: right;\"><strong>M<\/strong><strong>ai 2025<\/strong><\/p>\n<p>\u201ePNRR: Fonduri pentru Rom\u00e2nia modern\u0103 \u0219i reformat\u0103!\u201d<\/p>\n<p>C7 \u2013 Transformare digital\u0103<\/p>\n<p><strong>\u201e<\/strong><strong>Digitalizarea activit\u0103\u021bii Spitalului Municipal Caritas<\/strong>\u201d<\/p>\n<p><strong>B<\/strong><strong>eneficiar: <\/strong>Spitalul Municipal \u201eCaritas\u201d Ro\u0219iori de Vede<\/p>\n<p>\u00a0<\/p>\n<p><strong><em>S<\/em><\/strong><strong><em>PITALUL MUNICIPAL \u201eCARITAS\u201d RO\u0218IORI DE VEDE <\/em><\/strong>anun\u0163\u0103 \u00eenceperea activit\u0103\u0163ilor de implementare proiectului \u201c<strong>Digitalizarea activit\u0103\u021bii Spitalului Municipal Caritas<\/strong>\u201d, finan\u0163at prin Planul Na\u0163ional de Redresare \u015fi Rezilien\u0163\u0103, Pilonul II : Componenta C7 \u2013 Transformare digital\u0103; Investi\u021bia specific\u0103: I3.3 \u2013 Investi\u021bii \u00een sistemele Informatice \u0219i \u00een infrastructur\u0103 digital\u0103 a unit\u0103\u021bilor sanitare publice.<\/p>\n<p>Ministerul S\u0103n\u0103t\u0103\u021bii este coordonatorul de reforme \u0219i investi\u021bii pentru investi\u021bia specific\u0103 din Planul Na\u0163ional de Redresare \u015fi<\/p>\n<p>Rezilien\u0163\u0103 (PNRR).<\/p>\n<p>\u00a0<\/p>\n<p><strong>S<\/strong><strong>copu<\/strong><strong>l \u0219i obiectivele proiectului:<\/strong><\/p>\n<p><strong>Obiectiv general<\/strong>:<\/p>\n<ul>\n<li>Obiectivul general al proiectului vizeaz\u0103 dezvoltarea capacit\u0103\u021bilor digitale ale spitalului, \u00een scopul cre\u0219terii nivelului de inovare \u0219i a competitivit\u0103\u021bii\/eficientiz\u0103rii activit\u0103\u021bii la nivel institu\u021bional.<\/li>\n<\/ul>\n<p>\u00a0<\/p>\n<p><strong>Obiective specifice<\/strong>:<\/p>\n<ul>\n<li>\u00cembun\u0103t\u0103\u021birea re\u021belelor de comunica\u021bii;<\/li>\n<li>Implementarea \u0219i \u00eembun\u0103t\u0103\u021birea software-ului clinic \u0219i a interoperabilit\u0103\u021bii;<\/li>\n<li>Implementarea \u0219i \u00eembun\u0103t\u0103\u021birea software-ului non-clinic \u0219i a interoperabilit\u0103\u021bii.<\/li>\n<\/ul>\n<p><strong>Cod proiect: <\/strong>PNRR\/2023\/C7\/MS\/ I3.3<\/p>\n<p><strong>Contract de finan\u021bare: <\/strong>Nr. 2068 \/135 \/ I3.3 \/ 10.03.2025<\/p>\n<p><strong>Valoarea Contract: <\/strong>2.990.946,00 lei<\/p>\n<p><strong>Valoarea eligibil\u0103 din PNRR: <\/strong>2.469.400,00 lei f\u0103r\u0103 TVA<\/p>\n<p><strong>Valoarea TVA eligibil aferent PNRR: <\/strong>469.186,00 lei<\/p>\n<p><strong>Valoare contribu\u021bie proprie inclusiv TVA: <\/strong>52.360,00 lei cu TVA inclus<\/p>\n<p><strong>D<\/strong><strong>ata \u00eenceperii \u0219i finaliz\u0103rii proiectului: <\/strong>14.03.2025 \u2013 30.09.2025<\/p>\n<p><strong>S<\/strong><strong>PITALUL MUNICIPAL \u00a0\u201eCARITAS\u201d \u00a0RO\u0218IORI DE VEDE<\/strong><\/p>\n<p><strong>Tel.: 0728.387.657<\/strong><\/p>\n<p><strong>e<\/strong><strong>-mail: \u00a0<\/strong><a href=\"mailto:caritasrosiori@gmail.com\"><strong>caritasrosiori@gmail.com<\/strong><\/a><\/p>\n<p><strong>we<\/strong><strong>bsit<\/strong><strong>e<\/strong><strong>: \u00a0<\/strong><a href=\"https:\/\/caritas.hospital\/\"><strong>https<\/strong><strong>:\/\/caritas.hospital\/<\/strong><\/a><\/p>\n<p>\u201eCon\u021binutul acestui material nu reprezint\u0103 \u00een mod obligatoriu pozi\u021bia oficial\u0103 a Uniunii Europene sau a Guvernului Rom\u00e2niei\u201d<\/p>\n<p>\u00a0<\/p>\n<p><img decoding=\"async\" class=\"aligncenter size-medium wp-image-3382\" src=\"https:\/\/caritas.hospital\/wp-content\/uploads\/2025\/07\/bara_ro-ue-300x2.png\" alt=\"\" width=\"300\" height=\"2\" srcset=\"https:\/\/caritas.hospital\/wp-content\/uploads\/2025\/07\/bara_ro-ue-300x2.png 300w, https:\/\/caritas.hospital\/wp-content\/uploads\/2025\/07\/bara_ro-ue.png 682w\" sizes=\"(max-width: 300px) 100vw, 300px\" \/><\/p>\n<p><strong>\u201ePNRR. Finan\u021bat de Uniunea European\u0103 \u2013 Urm\u0103toareaGenera\u021bieUE\u201d<\/strong><\/p>\n<p>Website \u2013 https:\/\/mfe.gov.ro\/pnrr\/\u00a0\u00a0\u00a0\u00a0\u00a0 \u00a0Facebook \u2013 <a href=\"https:\/\/www.facebook.com\/PNRROficial\/\">(https:\/\/www.facebook.com\/PNRROficial\/)<\/a><\/p>\n","protected":false},"excerpt":{"rendered":"<p>COMUNICAT DE PRES\u0102 Mai 2025 \u201ePNRR: Fonduri pentru Rom\u00e2nia modern\u0103 \u0219i reformat\u0103!\u201d C7 \u2013 Transformare digital\u0103 \u201eDigitalizarea activit\u0103\u021bii Spitalului Municipal Caritas\u201d Beneficiar: Spitalul Municipal \u201eCaritas\u201d Ro\u0219iori de Vede \u00a0 SPITALUL MUNICIPAL \u201eCARITAS\u201d RO\u0218IORI DE VEDE anun\u0163\u0103 \u00eenceperea activit\u0103\u0163ilor de implementare proiectului \u201cDigitalizarea activit\u0103\u021bii Spitalului Municipal Caritas\u201d, finan\u0163at prin Planul Na\u0163ional de Redresare \u015fi Rezilien\u0163\u0103, Pilonul [&hellip;]<\/p>\n","protected":false},"author":1,"featured_media":0,"comment_status":"open","ping_status":"closed","sticky":false,"template":"","format":"standard","meta":{"_jetpack_memberships_contains_paid_content":false,"footnotes":""},"categories":[1],"tags":[],"class_list":["post-3381","post","type-post","status-publish","format-standard","hentry","category-diverse"],"jetpack_featured_media_url":"","jetpack_sharing_enabled":true,"_links":{"self":[{"href":"https:\/\/caritas.hospital\/index.php\/wp-json\/wp\/v2\/posts\/3381","targetHints":{"allow":["GET"]}}],"collection":[{"href":"https:\/\/caritas.hospital\/index.php\/wp-json\/wp\/v2\/posts"}],"about":[{"href":"https:\/\/caritas.hospital\/index.php\/wp-json\/wp\/v2\/types\/post"}],"author":[{"embeddable":true,"href":"https:\/\/caritas.hospital\/index.php\/wp-json\/wp\/v2\/users\/1"}],"replies":[{"embeddable":true,"href":"https:\/\/caritas.hospital\/index.php\/wp-json\/wp\/v2\/comments?post=3381"}],"version-history":[{"count":2,"href":"https:\/\/caritas.hospital\/index.php\/wp-json\/wp\/v2\/posts\/3381\/revisions"}],"predecessor-version":[{"id":3384,"href":"https:\/\/caritas.hospital\/index.php\/wp-json\/wp\/v2\/posts\/3381\/revisions\/3384"}],"wp:attachment":[{"href":"https:\/\/caritas.hospital\/index.php\/wp-json\/wp\/v2\/media?parent=3381"}],"wp:term":[{"taxonomy":"category","embeddable":true,"href":"https:\/\/caritas.hospital\/index.php\/wp-json\/wp\/v2\/categories?post=3381"},{"taxonomy":"post_tag","embeddable":true,"href":"https:\/\/caritas.hospital\/index.php\/wp-json\/wp\/v2\/tags?post=3381"}],"curies":[{"name":"wp","href":"https:\/\/api.w.org\/{rel}","templated":true}]}}